{"id":4205,"date":"2020-11-08T17:16:58","date_gmt":"2020-11-08T16:16:58","guid":{"rendered":"https:\/\/2023.janacek-brno.cz\/8-11-2022scenicky-projekt-konzervatore-brno\/"},"modified":"2022-11-09T12:50:11","modified_gmt":"2022-11-09T11:50:11","slug":"8-11-2022scenicky-projekt-konzervatore-brno","status":"publish","type":"post","link":"https:\/\/2023.janacek-brno.cz\/en\/8-11-2022scenicky-projekt-konzervatore-brno\/","title":{"rendered":"<strong>8.&nbsp;11.&nbsp;2022<\/strong><br> Crying Fountain"},"content":{"rendered":"<p>[vc_row gap=&#8221;35&#8243; type=&#8221;vc_default&#8221;][vc_column width=&#8221;1\/2&#8243;][vc_single_image image=&#8221;3818&#8243; img_size=&#8221;full&#8221; css_animation=&#8221;none&#8221;][\/vc_column][vc_column width=&#8221;1\/2&#8243;][vc_column_text]<\/p>\n<h2>8.&nbsp;11.&nbsp;2022, 7 p.m.<\/h2>\n<div id=\"gtx-trans\" style=\"position: absolute; left: -25px; top: 63.4219px;\">\n<div class=\"gtx-trans-icon\"><\/div>\n<\/div>\n<p>[\/vc_column_text][vc_column_text]<span style=\"font-weight: 400;\">Reduta Theatre (Theatre Hall)<\/span><\/p>\n<p><b>Theatre project by the Brno Conservatory<\/b><\/p>\n<p><span style=\"font-weight: 400;\">Leo\u0161 Jan\u00e1\u010dek, Petr Ilji\u010d Tchaikovsky, Modest Petrovi\u010d Mussorgsky &#8211; Crying Fountain<\/span><\/p>\n<p>Premiere: 6.&nbsp;11.&nbsp;2022, 11 a.m.<\/p>\n<p>The performance lasts 70 minutes without intermission.[\/vc_column_text]<style type=\"text\/css\" data-type=\"the7_shortcodes-inline-css\">#default-btn-69330671e09b89b8da3db3ef6d64a888.ico-right-side > i {\n  margin-right: 0px;\n  margin-left: 8px;\n}\n#default-btn-69330671e09b89b8da3db3ef6d64a888 > i {\n  margin-right: 8px;\n}\n<\/style><a href=\"https:\/\/online.colosseum.eu\/incoming.aspx?mrsid=103&amp;language=en-GB&amp;redirectaddtickets=http:\/\/ndbrno.cz\/program&amp;&amp;eventid=1132032\" class=\"default-btn-shortcode dt-btn dt-btn-l link-hover-off btn-inline-left \" target=\"_blank\" id=\"default-btn-69330671e09b89b8da3db3ef6d64a888\" rel=\"noopener\"><span>Buy tickets<\/span><\/a>[\/vc_column][\/vc_row][vc_row type=&#8221;vc_default&#8221;][vc_column][vc_column_text][\/vc_column_text][vc_empty_space height=&#8221;30px&#8221;][vc_column_text]<span style=\"font-weight: 400;\">Olga Jan\u00e1\u010dkov\u00e1, the daughter of Leo\u0161 Jan\u00e1\u010dek. Dot. Do we want to know more? Or is it enough to know her relation to her famous father as a summary of life, story, one person\u00b4s destiny? Opera (rail) road movie Hukvaldy-Brno-Vienna-Saint Petersburg and back, with a picture of her father always behind her back and life in front of her. Well, maybe &#8211; there will be no happy end.\u00a0<\/span><\/p>\n<p><span style=\"font-weight: 400;\">Musical-dramatic collage of selected works by Leo\u0161 Jan\u00e1\u010dek (Amarus, Jen\u016ffa, Elegy on the Death of Daughter Olga, Weeping Fountain, Wild Duck), songs by Petr Ilji\u010d Tchaikovsky and vocal songs by Modest Petrovich Mussorgsky.<\/span><\/p>\n<p><span style=\"font-weight: 400;\">The production is a new project of the Opera Studio of the Brno Conservatory for the Jan\u00e1\u010dek Brno 2022 Festival.<\/span><\/p>\n<p>[\/vc_column_text][vc_empty_space height=&#8221;50px&#8221;][vc_custom_heading text=&#8221;Tips from the festival programme:&#8221; use_theme_fonts=&#8221;yes&#8221;]<style type=\"text\/css\" data-type=\"the7_shortcodes-inline-css\">.blog-carousel-shortcode.blog-carousel-shortcode-id-52ff7e99850b9136704cf97fe240cb3d.dividers-on.classic-layout-list article {\n  padding-top: 0;\n}\n.blog-carousel-shortcode.blog-carousel-shortcode-id-52ff7e99850b9136704cf97fe240cb3d.dividers-on.classic-layout-list article:first-of-type {\n  margin-top: 0;\n  padding-top: 0;\n}\n.blog-carousel-shortcode.blog-carousel-shortcode-id-52ff7e99850b9136704cf97fe240cb3d.classic-layout-list.mode-list .post-entry-content {\n  width: calc(100% - );\n}\n.blog-carousel-shortcode.blog-carousel-shortcode-id-52ff7e99850b9136704cf97fe240cb3d.classic-layout-list.mode-list .no-img .post-entry-content {\n  width: 100%;\n}\n.blog-carousel-shortcode.blog-carousel-shortcode-id-52ff7e99850b9136704cf97fe240cb3d .filter-bg-decoration .filter-categories a.act {\n  color: #fff;\n}\n.blog-carousel-shortcode.blog-carousel-shortcode-id-52ff7e99850b9136704cf97fe240cb3d:not(.mode-masonry) article:first-of-type,\n.blog-carousel-shortcode.blog-carousel-shortcode-id-52ff7e99850b9136704cf97fe240cb3d:not(.mode-masonry) article.visible.first:not(.product) {\n  margin-top: 0;\n}\n.blog-carousel-shortcode.blog-carousel-shortcode-id-52ff7e99850b9136704cf97fe240cb3d.dividers-on:not(.mode-masonry) article {\n  margin-top: 0;\n}\n.blog-carousel-shortcode.blog-carousel-shortcode-id-52ff7e99850b9136704cf97fe240cb3d.dividers-on:not(.mode-masonry) article:first-of-type,\n.blog-carousel-shortcode.blog-carousel-shortcode-id-52ff7e99850b9136704cf97fe240cb3d.dividers-on:not(.mode-masonry) article.visible.first:not(.product) {\n  margin-top: 0;\n  padding-top: 0;\n}\n.blog-carousel-shortcode.blog-carousel-shortcode-id-52ff7e99850b9136704cf97fe240cb3d .post-thumbnail-wrap {\n  padding: 0px 0px 0px 0px;\n}\n.blog-carousel-shortcode.blog-carousel-shortcode-id-52ff7e99850b9136704cf97fe240cb3d.enable-bg-rollover .post-thumbnail-rollover:after {\n  background: -webkit-linear-gradient();\n  background: linear-gradient();\n}\n.blog-carousel-shortcode.blog-carousel-shortcode-id-52ff7e99850b9136704cf97fe240cb3d .gallery-zoom-ico {\n  width: 44px;\n  height: 44px;\n  line-height: 44px;\n  border-radius: 100px;\n  margin: -22px 0 0 -22px;\n  border-width: 0px;\n  color: #ffffff;\n  background: none;\n}\n.bottom-overlap-layout-list.blog-carousel-shortcode.blog-carousel-shortcode-id-52ff7e99850b9136704cf97fe240cb3d .gallery-zoom-ico {\n  margin-top: -72px;\n}\n.gradient-overlay-layout-list.blog-carousel-shortcode.blog-carousel-shortcode-id-52ff7e99850b9136704cf97fe240cb3d .gallery-zoom-ico,\n.content-rollover-layout-list.blog-carousel-shortcode.blog-carousel-shortcode-id-52ff7e99850b9136704cf97fe240cb3d .gallery-zoom-ico {\n  margin: 0 0 10px;\n}\n.content-align-center.gradient-overlay-layout-list.blog-carousel-shortcode.blog-carousel-shortcode-id-52ff7e99850b9136704cf97fe240cb3d .gallery-zoom-ico,\n.content-align-center.content-rollover-layout-list.blog-carousel-shortcode.blog-carousel-shortcode-id-52ff7e99850b9136704cf97fe240cb3d .gallery-zoom-ico {\n  margin: 0 auto 10px;\n}\n.dt-icon-bg-on.blog-carousel-shortcode.blog-carousel-shortcode-id-52ff7e99850b9136704cf97fe240cb3d .gallery-zoom-ico {\n  background: rgba(255,255,255,0.3);\n  box-shadow: none;\n}\n.blog-carousel-shortcode.blog-carousel-shortcode-id-52ff7e99850b9136704cf97fe240cb3d .gallery-zoom-ico > span,\n.blog-carousel-shortcode.blog-carousel-shortcode-id-52ff7e99850b9136704cf97fe240cb3d .gallery-zoom-ico:before {\n  font-size: 32px;\n  line-height: 44px;\n}\n.blog-carousel-shortcode.blog-carousel-shortcode-id-52ff7e99850b9136704cf97fe240cb3d .gallery-zoom-ico > span,\n.blog-carousel-shortcode.blog-carousel-shortcode-id-52ff7e99850b9136704cf97fe240cb3d .gallery-zoom-ico:before {\n  color: #ffffff;\n  background: none;\n}\n.blog-carousel-shortcode.blog-carousel-shortcode-id-52ff7e99850b9136704cf97fe240cb3d .entry-title,\n.blog-carousel-shortcode.blog-carousel-shortcode-id-52ff7e99850b9136704cf97fe240cb3d.owl-carousel .entry-title {\n  margin-bottom: 5px;\n}\n.blog-carousel-shortcode.blog-carousel-shortcode-id-52ff7e99850b9136704cf97fe240cb3d .entry-meta {\n  margin-bottom: 15px;\n}\n.blog-carousel-shortcode.blog-carousel-shortcode-id-52ff7e99850b9136704cf97fe240cb3d .portfolio-categories {\n  margin-bottom: 15px;\n}\n.blog-carousel-shortcode.blog-carousel-shortcode-id-52ff7e99850b9136704cf97fe240cb3d .entry-excerpt {\n  margin-bottom: 5px;\n}\n.blog-carousel-shortcode.blog-carousel-shortcode-id-52ff7e99850b9136704cf97fe240cb3d:not(.centered-layout-list) .post-entry-content {\n  padding: 15px 20px 20px 20px;\n}\n.blog-carousel-shortcode.blog-carousel-shortcode-id-52ff7e99850b9136704cf97fe240cb3d:not(.centered-layout-list):not(.content-bg-on):not(.mode-list) .no-img .post-entry-content {\n  padding: 0;\n}\n@media screen and (max-width: ) {\n  .blog-carousel-shortcode.blog-carousel-shortcode-id-52ff7e99850b9136704cf97fe240cb3d article {\n    -ms-flex-flow: column nowrap;\n    flex-flow: column nowrap;\n    margin-top: 20px;\n  }\n  .blog-carousel-shortcode.blog-carousel-shortcode-id-52ff7e99850b9136704cf97fe240cb3d.dividers-on article {\n    border: none;\n  }\n  .blog-carousel-shortcode.blog-carousel-shortcode-id-52ff7e99850b9136704cf97fe240cb3d.content-bg-on.centered-layout-list article {\n    padding: 0;\n  }\n  .blog-carousel-shortcode.blog-carousel-shortcode-id-52ff7e99850b9136704cf97fe240cb3d.blog-shortcode.dividers-on article,\n  .blog-carousel-shortcode.blog-carousel-shortcode-id-52ff7e99850b9136704cf97fe240cb3d.dividers-on.classic-layout-list article {\n    margin-top: 20px;\n    padding: 0;\n  }\n  .blog-carousel-shortcode.blog-carousel-shortcode-id-52ff7e99850b9136704cf97fe240cb3d.blog-shortcode.dividers-on article:first-of-type,\n  .blog-carousel-shortcode.blog-carousel-shortcode-id-52ff7e99850b9136704cf97fe240cb3d.dividers-on.classic-layout-list article:first-of-type {\n    padding: 0;\n  }\n  #page .blog-carousel-shortcode.blog-carousel-shortcode-id-52ff7e99850b9136704cf97fe240cb3d .post-thumbnail-wrap,\n  #page .blog-carousel-shortcode.blog-carousel-shortcode-id-52ff7e99850b9136704cf97fe240cb3d .post-entry-content {\n    width: 100%;\n    margin: 0;\n    top: 0;\n  }\n  #page .blog-carousel-shortcode.blog-carousel-shortcode-id-52ff7e99850b9136704cf97fe240cb3d .post-thumbnail-wrap {\n    padding: 0;\n  }\n  #page .blog-carousel-shortcode.blog-carousel-shortcode-id-52ff7e99850b9136704cf97fe240cb3d .post-entry-content:after {\n    display: none;\n  }\n  #page .blog-carousel-shortcode.blog-carousel-shortcode-id-52ff7e99850b9136704cf97fe240cb3d .project-even .post-thumbnail-wrap,\n  #page .blog-carousel-shortcode.blog-carousel-shortcode-id-52ff7e99850b9136704cf97fe240cb3d.centered-layout-list .post-thumbnail-wrap {\n    -ms-flex-order: 0;\n    order: 0;\n  }\n  #page .blog-carousel-shortcode.blog-carousel-shortcode-id-52ff7e99850b9136704cf97fe240cb3d.centered-layout-list .post-entry-title-content {\n    -ms-flex-order: 1;\n    order: 1;\n    width: 100%;\n    padding: 20px 20px 0;\n  }\n  #page .blog-carousel-shortcode.blog-carousel-shortcode-id-52ff7e99850b9136704cf97fe240cb3d.centered-layout-list .post-entry-content {\n    -ms-flex-order: 2;\n    order: 2;\n    padding-top: 0;\n  }\n  #page .blog-carousel-shortcode.blog-carousel-shortcode-id-52ff7e99850b9136704cf97fe240cb3d .fancy-categories {\n    top: 10px;\n    left: 10px;\n    bottom: auto;\n    right: auto;\n  }\n  #page .blog-carousel-shortcode.blog-carousel-shortcode-id-52ff7e99850b9136704cf97fe240cb3d .fancy-date a {\n    top: 10px;\n    right: 10px;\n    left: auto;\n    bottom: auto;\n  }\n  #page .blog-carousel-shortcode.blog-carousel-shortcode-id-52ff7e99850b9136704cf97fe240cb3d .post-entry-content {\n    padding: 20px;\n  }\n  #page .blog-carousel-shortcode.blog-carousel-shortcode-id-52ff7e99850b9136704cf97fe240cb3d .entry-title {\n    margin: 3px 0 5px;\n    font-size: 20px;\n    line-height: 26px;\n  }\n  #page .blog-carousel-shortcode.blog-carousel-shortcode-id-52ff7e99850b9136704cf97fe240cb3d .entry-meta {\n    margin: 5px 0 5px;\n  }\n  #page .blog-carousel-shortcode.blog-carousel-shortcode-id-52ff7e99850b9136704cf97fe240cb3d .entry-excerpt {\n    margin: 15px 0 0;\n  }\n  #page .blog-carousel-shortcode.blog-carousel-shortcode-id-52ff7e99850b9136704cf97fe240cb3d .post-details {\n    margin: 5px 0 10px;\n  }\n  #page .blog-carousel-shortcode.blog-carousel-shortcode-id-52ff7e99850b9136704cf97fe240cb3d .post-details.details-type-link {\n    margin-bottom: 2px;\n  }\n}\n.blog-carousel-shortcode.blog-carousel-shortcode-id-52ff7e99850b9136704cf97fe240cb3d .owl-nav a {\n  width: 36px;\n  height: 36px;\n  border-radius: 500px;\n}\n.dt-arrow-border-on.blog-carousel-shortcode.blog-carousel-shortcode-id-52ff7e99850b9136704cf97fe240cb3d .owl-nav a:not(:hover):before {\n  border-width: 0px;\n}\n.dt-arrow-hover-border-on.blog-carousel-shortcode.blog-carousel-shortcode-id-52ff7e99850b9136704cf97fe240cb3d .owl-nav a:hover:after {\n  border-width: 0px;\n}\n.blog-carousel-shortcode.blog-carousel-shortcode-id-52ff7e99850b9136704cf97fe240cb3d .owl-nav a.owl-prev {\n  top: 50%;\n  transform: translateY(calc(-50% + 0px));\n  left: -43px;\n}\n@media all and (-ms-high-contrast: none) {\n  .blog-carousel-shortcode.blog-carousel-shortcode-id-52ff7e99850b9136704cf97fe240cb3d .owl-nav a.owl-prev {\n    transform: translateY(-50%);\n    margin-top: 0px;\n  }\n}\n.blog-carousel-shortcode.blog-carousel-shortcode-id-52ff7e99850b9136704cf97fe240cb3d .owl-nav a.owl-prev i {\n  padding: 0px 0px 0px 0px;\n}\n.blog-carousel-shortcode.blog-carousel-shortcode-id-52ff7e99850b9136704cf97fe240cb3d .owl-nav a.owl-next {\n  top: 50%;\n  transform: translateY(calc(-50% + 0px));\n  right: -43px;\n}\n@media all and (-ms-high-contrast: none) {\n  .blog-carousel-shortcode.blog-carousel-shortcode-id-52ff7e99850b9136704cf97fe240cb3d .owl-nav a.owl-next {\n    transform: translateY(-50%);\n    margin-top: 0px;\n  }\n}\n.blog-carousel-shortcode.blog-carousel-shortcode-id-52ff7e99850b9136704cf97fe240cb3d .owl-nav a.owl-next i {\n  padding: 0px 0px 0px 0px;\n}\n.blog-carousel-shortcode.blog-carousel-shortcode-id-52ff7e99850b9136704cf97fe240cb3d .owl-nav i {\n  font-size: 18px;\n}\n.blog-carousel-shortcode.blog-carousel-shortcode-id-52ff7e99850b9136704cf97fe240cb3d .owl-nav a:not(:hover) i,\n.blog-carousel-shortcode.blog-carousel-shortcode-id-52ff7e99850b9136704cf97fe240cb3d .owl-nav a:not(:hover) i:before {\n  color: #ffffff;\n  background: none;\n}\n.blog-carousel-shortcode.blog-carousel-shortcode-id-52ff7e99850b9136704cf97fe240cb3d .owl-nav a:hover i,\n.blog-carousel-shortcode.blog-carousel-shortcode-id-52ff7e99850b9136704cf97fe240cb3d .owl-nav a:hover i:before {\n  color: rgba(255,255,255,0.75);\n  background: none;\n}\n.blog-carousel-shortcode.blog-carousel-shortcode-id-52ff7e99850b9136704cf97fe240cb3d .owl-dots {\n  top: calc(100% + 20px);\n  left: 50%;\n  transform: translateX(calc(-50% + 0px));\n}\n@media all and (-ms-high-contrast: none) {\n  .blog-carousel-shortcode.blog-carousel-shortcode-id-52ff7e99850b9136704cf97fe240cb3d .owl-dots {\n    transform: translateX(-50%);\n    margin-left: 0px;\n  }\n}\n.blog-carousel-shortcode.blog-carousel-shortcode-id-52ff7e99850b9136704cf97fe240cb3d .owl-dot {\n  width: 10px;\n  height: 10px;\n  margin: 0 8px;\n}\n@media screen and (max-width: 778px) {\n  .blog-carousel-shortcode.blog-carousel-shortcode-id-52ff7e99850b9136704cf97fe240cb3d.hide-arrows .owl-nav a {\n    display: none;\n  }\n}\n@media screen and (max-width: 778px) {\n  .blog-carousel-shortcode.blog-carousel-shortcode-id-52ff7e99850b9136704cf97fe240cb3d.reposition-arrows .owl-nav .owl-prev {\n    top: 50%;\n    transform: translateY(calc(-50% + 0px));\n    left: 10px;\n  }\n  .blog-carousel-shortcode.blog-carousel-shortcode-id-52ff7e99850b9136704cf97fe240cb3d.reposition-arrows .owl-nav .owl-next {\n    top: 50%;\n    transform: translateY(calc(-50% + 0px));\n    right: 10px;\n  }\n}\n@media screen and (max-width: 778px) and all and (-ms-high-contrast: none) {\n  .blog-carousel-shortcode.blog-carousel-shortcode-id-52ff7e99850b9136704cf97fe240cb3d.reposition-arrows .owl-nav .owl-prev {\n    transform: translateY(-50%);\n    margin-top: 0px;\n  }\n}\n@media screen and (max-width: 778px) and all and (-ms-high-contrast: none) {\n  .blog-carousel-shortcode.blog-carousel-shortcode-id-52ff7e99850b9136704cf97fe240cb3d.reposition-arrows .owl-nav .owl-next {\n    transform: translateY(-50%);\n    margin-top: 0px;\n  }\n}\n<\/style><div class=\"owl-carousel blog-carousel-shortcode dt-owl-carousel-call blog-carousel-shortcode-id-52ff7e99850b9136704cf97fe240cb3d classic-layout-list scale-img dt-icon-bg-off dt-arrow-border-on dt-arrow-hover-border-on meta-info-off bullets-small-dot-stroke reposition-arrows arrows-bg-on disable-arrows-hover-bg arrows-hover-bg-on  \" data-scroll-mode=\"1\" data-col-num=\"3\" data-wide-col-num=\"4\" data-laptop-col=\"3\" data-h-tablet-columns-num=\"3\" data-v-tablet-columns-num=\"2\" data-phone-columns-num=\"1\" data-auto-height=\"false\" data-col-gap=\"30\" data-stage-padding=\"0\" data-speed=\"600\" data-autoplay=\"false\" data-autoplay_speed=\"6000\" data-arrows=\"true\" data-bullet=\"false\" data-next-icon=\"icon-ar-017-r\" data-prev-icon=\"icon-ar-017-l\"><article class=\"post post-6315 type-post status-publish format-standard has-post-thumbnail hentry category-komorni-en category-probehle-en category-vyber-en category-66 category-92 category-64 description-off\" data-name=\"&lt;strong&gt;20.&nbsp;11.&nbsp;2022&lt;\/strong&gt;&lt;br&gt;Concert of the winner of the Leo\u0161 Jan\u00e1\u010dek International Competition\" data-date=\"2020-11-20T11:00:08+01:00\">\n\n<div class=\"post-thumbnail-wrap\">\n\t<div class=\"post-thumbnail\">\n\t\t\n\t\t\n\t\t<a href=\"https:\/\/2023.janacek-brno.cz\/en\/20-11-2022-concert-of-the-winner-of-the-leos-janacek-international-competition\/\" class=\"post-thumbnail-rollover layzr-bg\" ><img class=\"preload-me owl-lazy-load aspect\" src=\"data:image\/svg+xml,%3Csvg%20xmlns%3D&#39;http%3A%2F%2Fwww.w3.org%2F2000%2Fsvg&#39;%20viewBox%3D&#39;0%200%20768%20512&#39;%2F%3E\" data-src=\"https:\/\/2023.janacek-brno.cz\/wp-content\/uploads\/2020\/11\/MSLJ-2022-Klavir-foto-Vojtech-Kaba-73-Large-768x512.jpeg\" data-srcset=\"https:\/\/2023.janacek-brno.cz\/wp-content\/uploads\/2020\/11\/MSLJ-2022-Klavir-foto-Vojtech-Kaba-73-Large-768x512.jpeg 768w, https:\/\/2023.janacek-brno.cz\/wp-content\/uploads\/2020\/11\/MSLJ-2022-Klavir-foto-Vojtech-Kaba-73-Large-1152x768.jpeg 1152w\" loading=\"eager\" style=\"--ratio: 768 \/ 512\" sizes=\"(max-width: 768px) 100vw, 768px\" alt=\"\" title=\"MSLJ-2022-Klav\u00edr-foto-Vojt\u011bch-K\u00e1ba-73 Large\" width=\"768\" height=\"512\"  \/><\/a>\t<\/div>\n<\/div>\n\n\n<div class=\"post-entry-content\">\n\n\t<h3 class=\"entry-title\">\n\t\t<a href=\"https:\/\/2023.janacek-brno.cz\/en\/20-11-2022-concert-of-the-winner-of-the-leos-janacek-international-competition\/\" title=\"20.&nbsp;11.&nbsp;2022Concert of the winner of the Leo\u0161 Jan\u00e1\u010dek International Competition\" rel=\"bookmark\"><strong>20.&nbsp;11.&nbsp;2022<\/strong><br>Concert of the winner of the Leo\u0161 Jan\u00e1\u010dek International Competition<\/a>\n\t<\/h3>\n\n\t\n\t\n\t\n<a href=\"https:\/\/2023.janacek-brno.cz\/en\/20-11-2022-concert-of-the-winner-of-the-leos-janacek-international-competition\/\" class=\"post-details details-type-link\" aria-label=\"Read more about &lt;strong&gt;20.&nbsp;11.&nbsp;2022&lt;\/strong&gt;&lt;br&gt;Concert of the winner of the Leo\u0161 Jan\u00e1\u010dek International Competition\">Read more<i class=\"dt-icon-the7-arrow-03\" aria-hidden=\"true\"><\/i><\/a>\n\n<\/div><\/article><article class=\"post post-4241 type-post status-publish format-standard has-post-thumbnail hentry category-komorni-en category-probehle-en category-66 category-92 description-off\" data-name=\"&lt;strong&gt;19.&nbsp;11.&nbsp;2022&lt;\/strong&gt;&lt;br&gt; Piano matin\u00e9e by Jan Jirask\u00fd\" data-date=\"2020-11-19T22:30:56+01:00\">\n\n<div class=\"post-thumbnail-wrap\">\n\t<div class=\"post-thumbnail\">\n\t\t\n\t\t\n\t\t<a href=\"https:\/\/2023.janacek-brno.cz\/en\/19-11-2022-klavirni-matine-jana-jiraskeho\/\" class=\"post-thumbnail-rollover layzr-bg\" ><img class=\"preload-me owl-lazy-load aspect\" src=\"data:image\/svg+xml,%3Csvg%20xmlns%3D&#39;http%3A%2F%2Fwww.w3.org%2F2000%2Fsvg&#39;%20viewBox%3D&#39;0%200%20768%20512&#39;%2F%3E\" data-src=\"https:\/\/2023.janacek-brno.cz\/wp-content\/uploads\/2021\/10\/OLB2813-768x512.jpg\" data-srcset=\"https:\/\/2023.janacek-brno.cz\/wp-content\/uploads\/2021\/10\/OLB2813-768x512.jpg 768w, https:\/\/2023.janacek-brno.cz\/wp-content\/uploads\/2021\/10\/OLB2813-1152x768.jpg 1152w\" loading=\"eager\" style=\"--ratio: 768 \/ 512\" sizes=\"(max-width: 768px) 100vw, 768px\" alt=\"\" title=\"-OLB2813\" width=\"768\" height=\"512\"  \/><\/a>\t<\/div>\n<\/div>\n\n\n<div class=\"post-entry-content\">\n\n\t<h3 class=\"entry-title\">\n\t\t<a href=\"https:\/\/2023.janacek-brno.cz\/en\/19-11-2022-klavirni-matine-jana-jiraskeho\/\" title=\"19.&nbsp;11.&nbsp;2022 Piano matin\u00e9e by Jan Jirask\u00fd\" rel=\"bookmark\"><strong>19.&nbsp;11.&nbsp;2022<\/strong><br> Piano matin\u00e9e by Jan Jirask\u00fd<\/a>\n\t<\/h3>\n\n\t\n\t\n\t\n<a href=\"https:\/\/2023.janacek-brno.cz\/en\/19-11-2022-klavirni-matine-jana-jiraskeho\/\" class=\"post-details details-type-link\" aria-label=\"Read more about &lt;strong&gt;19.&nbsp;11.&nbsp;2022&lt;\/strong&gt;&lt;br&gt; Piano matin\u00e9e by Jan Jirask\u00fd\">Read more<i class=\"dt-icon-the7-arrow-03\" aria-hidden=\"true\"><\/i><\/a>\n\n<\/div><\/article><article class=\"post post-4237 type-post status-publish format-standard has-post-thumbnail hentry category-komorni-en category-probehle-en category-vyber-en category-66 category-92 category-64 description-off\" data-name=\"&lt;strong&gt;19.&nbsp;11.&nbsp;2022&lt;\/strong&gt;&lt;br&gt;Brno Children\u00b4s Choir and K\u00fchn Mixed Choir \u2013 Choral Concert\" data-date=\"2020-11-19T10:45:53+01:00\">\n\n<div class=\"post-thumbnail-wrap\">\n\t<div class=\"post-thumbnail\">\n\t\t\n\t\t\n\t\t<a href=\"https:\/\/2023.janacek-brno.cz\/en\/19-11-2022-sborovy-koncert\/\" class=\"post-thumbnail-rollover layzr-bg\" ><img class=\"preload-me owl-lazy-load aspect\" src=\"data:image\/svg+xml,%3Csvg%20xmlns%3D&#39;http%3A%2F%2Fwww.w3.org%2F2000%2Fsvg&#39;%20viewBox%3D&#39;0%200%20768%20512&#39;%2F%3E\" data-src=\"https:\/\/2023.janacek-brno.cz\/wp-content\/uploads\/2020\/11\/De\u030ctsky-sbor-z-FB-768x512.jpeg\" data-srcset=\"https:\/\/2023.janacek-brno.cz\/wp-content\/uploads\/2020\/11\/De\u030ctsky-sbor-z-FB-768x512.jpeg 768w, https:\/\/2023.janacek-brno.cz\/wp-content\/uploads\/2020\/11\/De\u030ctsky-sbor-z-FB-1152x768.jpeg 1152w\" loading=\"eager\" style=\"--ratio: 768 \/ 512\" sizes=\"(max-width: 768px) 100vw, 768px\" alt=\"\" title=\"De\u030ctsky sbor z&nbsp;FB\" width=\"768\" height=\"512\"  \/><\/a>\t<\/div>\n<\/div>\n\n\n<div class=\"post-entry-content\">\n\n\t<h3 class=\"entry-title\">\n\t\t<a href=\"https:\/\/2023.janacek-brno.cz\/en\/19-11-2022-sborovy-koncert\/\" title=\"19.&nbsp;11.&nbsp;2022Brno Children\u00b4s Choir and K\u00fchn Mixed Choir \u2013 Choral Concert\" rel=\"bookmark\"><strong>19.&nbsp;11.&nbsp;2022<\/strong><br>Brno Children\u00b4s Choir and K\u00fchn Mixed Choir \u2013 Choral Concert<\/a>\n\t<\/h3>\n\n\t\n\t\n\t\n<a href=\"https:\/\/2023.janacek-brno.cz\/en\/19-11-2022-sborovy-koncert\/\" class=\"post-details details-type-link\" aria-label=\"Read more about &lt;strong&gt;19.&nbsp;11.&nbsp;2022&lt;\/strong&gt;&lt;br&gt;Brno Children\u00b4s Choir and K\u00fchn Mixed Choir \u2013 Choral Concert\">Read more<i class=\"dt-icon-the7-arrow-03\" aria-hidden=\"true\"><\/i><\/a>\n\n<\/div><\/article><article class=\"post post-4231 type-post status-publish format-standard has-post-thumbnail hentry category-komorni-en category-probehle-en category-uncategorized category-vyber-en category-66 category-92 category-9 category-64 description-off\" data-name=\"&lt;strong&gt;16.&nbsp;11.&nbsp;2022&lt;\/strong&gt;&lt;br&gt; Recital by Josef \u0160pa\u010dek and Miroslav Sekera\" data-date=\"2020-11-16T23:30:32+01:00\">\n\n<div class=\"post-thumbnail-wrap\">\n\t<div class=\"post-thumbnail\">\n\t\t\n\t\t\n\t\t<a href=\"https:\/\/2023.janacek-brno.cz\/en\/16-11-2022-recital-josefa-spacka-a-miroslava-sekery\/\" class=\"post-thumbnail-rollover layzr-bg\" ><img class=\"preload-me owl-lazy-load aspect\" src=\"data:image\/svg+xml,%3Csvg%20xmlns%3D&#39;http%3A%2F%2Fwww.w3.org%2F2000%2Fsvg&#39;%20viewBox%3D&#39;0%200%20768%20512&#39;%2F%3E\" data-src=\"https:\/\/2023.janacek-brno.cz\/wp-content\/uploads\/2021\/10\/J.Spacek-M.Sekera-Radovan-Subin-4-e1636364714509-768x512.jpg\" data-srcset=\"https:\/\/2023.janacek-brno.cz\/wp-content\/uploads\/2021\/10\/J.Spacek-M.Sekera-Radovan-Subin-4-e1636364714509-768x512.jpg 768w, https:\/\/2023.janacek-brno.cz\/wp-content\/uploads\/2021\/10\/J.Spacek-M.Sekera-Radovan-Subin-4-e1636364714509-1152x768.jpg 1152w\" loading=\"eager\" style=\"--ratio: 768 \/ 512\" sizes=\"(max-width: 768px) 100vw, 768px\" alt=\"\" title=\"J.Spacek-M.Sekera-Radovan \u0160ub\u00edn (4)\" width=\"768\" height=\"512\"  \/><\/a>\t<\/div>\n<\/div>\n\n\n<div class=\"post-entry-content\">\n\n\t<h3 class=\"entry-title\">\n\t\t<a href=\"https:\/\/2023.janacek-brno.cz\/en\/16-11-2022-recital-josefa-spacka-a-miroslava-sekery\/\" title=\"16.&nbsp;11.&nbsp;2022 Recital by Josef \u0160pa\u010dek and Miroslav Sekera\" rel=\"bookmark\"><strong>16.&nbsp;11.&nbsp;2022<\/strong><br> Recital by Josef \u0160pa\u010dek and Miroslav Sekera<\/a>\n\t<\/h3>\n\n\t\n\t\n\t\n<a href=\"https:\/\/2023.janacek-brno.cz\/en\/16-11-2022-recital-josefa-spacka-a-miroslava-sekery\/\" class=\"post-details details-type-link\" aria-label=\"Read more about &lt;strong&gt;16.&nbsp;11.&nbsp;2022&lt;\/strong&gt;&lt;br&gt; Recital by Josef \u0160pa\u010dek and Miroslav Sekera\">Read more<i class=\"dt-icon-the7-arrow-03\" aria-hidden=\"true\"><\/i><\/a>\n\n<\/div><\/article><article class=\"post post-4225 type-post status-publish format-standard has-post-thumbnail hentry category-komorni-en category-probehle-en category-66 category-92 description-off\" data-name=\"&lt;strong&gt;14.&nbsp;11.&nbsp;2022&lt;\/strong&gt;&lt;br&gt;Open House \u2013 tour of the Jan\u00e1\u010dek Theatre with a musical accompaniment\" data-date=\"2020-11-14T09:02:50+01:00\">\n\n<div class=\"post-thumbnail-wrap\">\n\t<div class=\"post-thumbnail\">\n\t\t\n\t\t\n\t\t<a href=\"https:\/\/2023.janacek-brno.cz\/en\/14-11-2022otevreny-dum-prohlidky-janackova-divadla-s-hudebnim-doprovodem\/\" class=\"post-thumbnail-rollover layzr-bg\" ><img class=\"preload-me owl-lazy-load aspect\" src=\"data:image\/svg+xml,%3Csvg%20xmlns%3D&#39;http%3A%2F%2Fwww.w3.org%2F2000%2Fsvg&#39;%20viewBox%3D&#39;0%200%20768%20512&#39;%2F%3E\" data-src=\"https:\/\/2023.janacek-brno.cz\/wp-content\/uploads\/2021\/11\/Brno-Jana\u0301c\u030ckovo-divadlo-park-pr\u030ced-divadlem-6913-1-768x512.jpeg\" data-srcset=\"https:\/\/2023.janacek-brno.cz\/wp-content\/uploads\/2021\/11\/Brno-Jana\u0301c\u030ckovo-divadlo-park-pr\u030ced-divadlem-6913-1-768x512.jpeg 768w, https:\/\/2023.janacek-brno.cz\/wp-content\/uploads\/2021\/11\/Brno-Jana\u0301c\u030ckovo-divadlo-park-pr\u030ced-divadlem-6913-1-1152x768.jpeg 1152w\" loading=\"eager\" style=\"--ratio: 768 \/ 512\" sizes=\"(max-width: 768px) 100vw, 768px\" alt=\"\" title=\"Brno,-Jana\u0301c\u030ckovo-divadlo,-park-pr\u030ced-divadlem-(6913)\" width=\"768\" height=\"512\"  \/><\/a>\t<\/div>\n<\/div>\n\n\n<div class=\"post-entry-content\">\n\n\t<h3 class=\"entry-title\">\n\t\t<a href=\"https:\/\/2023.janacek-brno.cz\/en\/14-11-2022otevreny-dum-prohlidky-janackova-divadla-s-hudebnim-doprovodem\/\" title=\"14.&nbsp;11.&nbsp;2022Open House \u2013 tour of the Jan\u00e1\u010dek Theatre with a musical accompaniment\" rel=\"bookmark\"><strong>14.&nbsp;11.&nbsp;2022<\/strong><br>Open House \u2013 tour of the Jan\u00e1\u010dek Theatre with a musical accompaniment<\/a>\n\t<\/h3>\n\n\t\n\t\n\t\n<a href=\"https:\/\/2023.janacek-brno.cz\/en\/14-11-2022otevreny-dum-prohlidky-janackova-divadla-s-hudebnim-doprovodem\/\" class=\"post-details details-type-link\" aria-label=\"Read more about &lt;strong&gt;14.&nbsp;11.&nbsp;2022&lt;\/strong&gt;&lt;br&gt;Open House \u2013 tour of the Jan\u00e1\u010dek Theatre with a musical accompaniment\">Read more<i class=\"dt-icon-the7-arrow-03\" aria-hidden=\"true\"><\/i><\/a>\n\n<\/div><\/article><article class=\"post post-4223 type-post status-publish format-standard has-post-thumbnail hentry category-komorni-en category-probehle-en category-66 category-92 description-off\" data-name=\"&lt;strong&gt;13.&nbsp;11.&nbsp;2022&lt;\/strong&gt;&lt;br&gt; Matin\u00e9e by the Jan\u00e1\u010dek Academy of Music and Performing Arts\" data-date=\"2020-11-13T21:12:43+01:00\">\n\n<div class=\"post-thumbnail-wrap\">\n\t<div class=\"post-thumbnail\">\n\t\t\n\t\t\n\t\t<a href=\"https:\/\/2023.janacek-brno.cz\/en\/13-11-2022-matine-jamu\/\" class=\"post-thumbnail-rollover layzr-bg\" ><img class=\"preload-me owl-lazy-load aspect\" src=\"data:image\/svg+xml,%3Csvg%20xmlns%3D&#39;http%3A%2F%2Fwww.w3.org%2F2000%2Fsvg&#39;%20viewBox%3D&#39;0%200%20768%20512&#39;%2F%3E\" data-src=\"https:\/\/2023.janacek-brno.cz\/wp-content\/uploads\/2020\/11\/02754984-768x512.jpeg\" data-srcset=\"https:\/\/2023.janacek-brno.cz\/wp-content\/uploads\/2020\/11\/02754984-768x512.jpeg 768w, https:\/\/2023.janacek-brno.cz\/wp-content\/uploads\/2020\/11\/02754984.jpeg 900w\" loading=\"eager\" style=\"--ratio: 768 \/ 512\" sizes=\"(max-width: 768px) 100vw, 768px\" alt=\"\" title=\"Jan\u00e1\u010dkova akademie m\u00fazick\u00fdch um\u011bn\u00ed, Brno\" width=\"768\" height=\"512\"  \/><\/a>\t<\/div>\n<\/div>\n\n\n<div class=\"post-entry-content\">\n\n\t<h3 class=\"entry-title\">\n\t\t<a href=\"https:\/\/2023.janacek-brno.cz\/en\/13-11-2022-matine-jamu\/\" title=\"13.&nbsp;11.&nbsp;2022 Matin\u00e9e by the Jan\u00e1\u010dek Academy of Music and Performing Arts\" rel=\"bookmark\"><strong>13.&nbsp;11.&nbsp;2022<\/strong><br> Matin\u00e9e by the Jan\u00e1\u010dek Academy of Music and Performing Arts<\/a>\n\t<\/h3>\n\n\t\n\t\n\t\n<a href=\"https:\/\/2023.janacek-brno.cz\/en\/13-11-2022-matine-jamu\/\" class=\"post-details details-type-link\" aria-label=\"Read more about &lt;strong&gt;13.&nbsp;11.&nbsp;2022&lt;\/strong&gt;&lt;br&gt; Matin\u00e9e by the Jan\u00e1\u010dek Academy of Music and Performing Arts\">Read more<i class=\"dt-icon-the7-arrow-03\" aria-hidden=\"true\"><\/i><\/a>\n\n<\/div><\/article><article class=\"post post-4221 type-post status-publish format-standard has-post-thumbnail hentry category-komorni-en category-probehle-en category-66 category-92 description-off\" data-name=\"&lt;strong&gt;13.&nbsp;11.&nbsp;2022&lt;\/strong&gt;&lt;br&gt; Folk concert\" data-date=\"2020-11-13T09:57:41+01:00\">\n\n<div class=\"post-thumbnail-wrap\">\n\t<div class=\"post-thumbnail\">\n\t\t\n\t\t\n\t\t<a href=\"https:\/\/2023.janacek-brno.cz\/en\/13-11-2022-folklorni-koncert\/\" class=\"post-thumbnail-rollover layzr-bg\" ><img class=\"preload-me owl-lazy-load aspect\" src=\"data:image\/svg+xml,%3Csvg%20xmlns%3D&#39;http%3A%2F%2Fwww.w3.org%2F2000%2Fsvg&#39;%20viewBox%3D&#39;0%200%20768%20512&#39;%2F%3E\" data-src=\"https:\/\/2023.janacek-brno.cz\/wp-content\/uploads\/2020\/11\/olb9419-45976188331-o-768x512.jpeg\" data-srcset=\"https:\/\/2023.janacek-brno.cz\/wp-content\/uploads\/2020\/11\/olb9419-45976188331-o-768x512.jpeg 768w, https:\/\/2023.janacek-brno.cz\/wp-content\/uploads\/2020\/11\/olb9419-45976188331-o-1152x768.jpeg 1152w\" loading=\"eager\" style=\"--ratio: 768 \/ 512\" sizes=\"(max-width: 768px) 100vw, 768px\" alt=\"\" title=\"-olb9419-45976188331-o\" width=\"768\" height=\"512\"  \/><\/a>\t<\/div>\n<\/div>\n\n\n<div class=\"post-entry-content\">\n\n\t<h3 class=\"entry-title\">\n\t\t<a href=\"https:\/\/2023.janacek-brno.cz\/en\/13-11-2022-folklorni-koncert\/\" title=\"13.&nbsp;11.&nbsp;2022 Folk concert\" rel=\"bookmark\"><strong>13.&nbsp;11.&nbsp;2022<\/strong><br> Folk concert<\/a>\n\t<\/h3>\n\n\t\n\t\n\t\n<a href=\"https:\/\/2023.janacek-brno.cz\/en\/13-11-2022-folklorni-koncert\/\" class=\"post-details details-type-link\" aria-label=\"Read more about &lt;strong&gt;13.&nbsp;11.&nbsp;2022&lt;\/strong&gt;&lt;br&gt; Folk concert\">Read more<i class=\"dt-icon-the7-arrow-03\" aria-hidden=\"true\"><\/i><\/a>\n\n<\/div><\/article><article class=\"post post-4213 type-post status-publish format-standard has-post-thumbnail hentry category-komorni-en category-probehle-en category-66 category-92 description-off\" data-name=\"&lt;strong&gt;12.&nbsp;11.&nbsp;2022&lt;\/strong&gt;&lt;br&gt; Recital by Ivo Kah\u00e1nek and Tom\u00e1\u0161 Jamn\u00edk\" data-date=\"2020-11-12T02:00:43+01:00\">\n\n<div class=\"post-thumbnail-wrap\">\n\t<div class=\"post-thumbnail\">\n\t\t\n\t\t\n\t\t<a href=\"https:\/\/2023.janacek-brno.cz\/en\/12-11-2022-recital-ivo-kahanka-a-tomase-jamnika\/\" class=\"post-thumbnail-rollover layzr-bg\" ><img class=\"preload-me owl-lazy-load aspect\" src=\"data:image\/svg+xml,%3Csvg%20xmlns%3D&#39;http%3A%2F%2Fwww.w3.org%2F2000%2Fsvg&#39;%20viewBox%3D&#39;0%200%20768%20512&#39;%2F%3E\" data-src=\"https:\/\/2023.janacek-brno.cz\/wp-content\/uploads\/2021\/10\/Tugen-768x512.jpeg\" data-srcset=\"https:\/\/2023.janacek-brno.cz\/wp-content\/uploads\/2021\/10\/Tugen-768x512.jpeg 768w, https:\/\/2023.janacek-brno.cz\/wp-content\/uploads\/2021\/10\/Tugen-798x532.jpeg 798w\" loading=\"eager\" style=\"--ratio: 768 \/ 512\" sizes=\"(max-width: 768px) 100vw, 768px\" alt=\"\" title=\"Tugen\" width=\"768\" height=\"512\"  \/><\/a>\t<\/div>\n<\/div>\n\n\n<div class=\"post-entry-content\">\n\n\t<h3 class=\"entry-title\">\n\t\t<a href=\"https:\/\/2023.janacek-brno.cz\/en\/12-11-2022-recital-ivo-kahanka-a-tomase-jamnika\/\" title=\"12.&nbsp;11.&nbsp;2022 Recital by Ivo Kah\u00e1nek and Tom\u00e1\u0161 Jamn\u00edk\" rel=\"bookmark\"><strong>12.&nbsp;11.&nbsp;2022<\/strong><br> Recital by Ivo Kah\u00e1nek and Tom\u00e1\u0161 Jamn\u00edk<\/a>\n\t<\/h3>\n\n\t\n\t\n\t\n<a href=\"https:\/\/2023.janacek-brno.cz\/en\/12-11-2022-recital-ivo-kahanka-a-tomase-jamnika\/\" class=\"post-details details-type-link\" aria-label=\"Read more about &lt;strong&gt;12.&nbsp;11.&nbsp;2022&lt;\/strong&gt;&lt;br&gt; Recital by Ivo Kah\u00e1nek and Tom\u00e1\u0161 Jamn\u00edk\">Read more<i class=\"dt-icon-the7-arrow-03\" aria-hidden=\"true\"><\/i><\/a>\n\n<\/div><\/article><article class=\"post post-4211 type-post status-publish format-standard has-post-thumbnail hentry category-komorni-en category-probehle-en category-66 category-92 description-off\" data-name=\"&lt;strong&gt;11.&nbsp;11.&nbsp;2022&lt;\/strong&gt;&lt;br&gt; Sun of the Incas\" data-date=\"2020-11-11T09:21:56+01:00\">\n\n<div class=\"post-thumbnail-wrap\">\n\t<div class=\"post-thumbnail\">\n\t\t\n\t\t\n\t\t<a href=\"https:\/\/2023.janacek-brno.cz\/en\/brno-contemporary-orchestra\/\" class=\"post-thumbnail-rollover layzr-bg\" ><img class=\"preload-me owl-lazy-load aspect\" src=\"data:image\/svg+xml,%3Csvg%20xmlns%3D&#39;http%3A%2F%2Fwww.w3.org%2F2000%2Fsvg&#39;%20viewBox%3D&#39;0%200%20768%20512&#39;%2F%3E\" data-src=\"https:\/\/2023.janacek-brno.cz\/wp-content\/uploads\/2020\/11\/dsc-2260-1-768x512.jpeg\" data-srcset=\"https:\/\/2023.janacek-brno.cz\/wp-content\/uploads\/2020\/11\/dsc-2260-1-768x512.jpeg 768w, https:\/\/2023.janacek-brno.cz\/wp-content\/uploads\/2020\/11\/dsc-2260-1-1152x768.jpeg 1152w\" loading=\"eager\" style=\"--ratio: 768 \/ 512\" sizes=\"(max-width: 768px) 100vw, 768px\" alt=\"\" title=\"dsc-2260-1\" width=\"768\" height=\"512\"  \/><\/a>\t<\/div>\n<\/div>\n\n\n<div class=\"post-entry-content\">\n\n\t<h3 class=\"entry-title\">\n\t\t<a href=\"https:\/\/2023.janacek-brno.cz\/en\/brno-contemporary-orchestra\/\" title=\"11.&nbsp;11.&nbsp;2022 Sun of the Incas\" rel=\"bookmark\"><strong>11.&nbsp;11.&nbsp;2022<\/strong><br> Sun of the Incas<\/a>\n\t<\/h3>\n\n\t\n\t\n\t\n<a href=\"https:\/\/2023.janacek-brno.cz\/en\/brno-contemporary-orchestra\/\" class=\"post-details details-type-link\" aria-label=\"Read more about &lt;strong&gt;11.&nbsp;11.&nbsp;2022&lt;\/strong&gt;&lt;br&gt; Sun of the Incas\">Read more<i class=\"dt-icon-the7-arrow-03\" aria-hidden=\"true\"><\/i><\/a>\n\n<\/div><\/article><article class=\"post post-4199 type-post status-publish format-standard has-post-thumbnail hentry category-komorni-en category-probehle-en category-66 category-92 description-off\" data-name=\"&lt;strong&gt;7.&nbsp;11.&nbsp;2022&lt;\/strong&gt;&lt;br&gt; The Diary of One Who Disappeared &#8211; Iva Bittov\u00e1, Jaroslav B\u0159ezina and Brno Contemporary Orchestra\" data-date=\"2020-11-07T09:50:50+01:00\">\n\n<div class=\"post-thumbnail-wrap\">\n\t<div class=\"post-thumbnail\">\n\t\t\n\t\t\n\t\t<a href=\"https:\/\/2023.janacek-brno.cz\/en\/7-11-2022-leos-janacek-zapisnik-zmizeleho-instrumentovana-verze-milose-stedrone\/\" class=\"post-thumbnail-rollover layzr-bg\" ><img class=\"preload-me owl-lazy-load aspect\" src=\"data:image\/svg+xml,%3Csvg%20xmlns%3D&#39;http%3A%2F%2Fwww.w3.org%2F2000%2Fsvg&#39;%20viewBox%3D&#39;0%200%20768%20512&#39;%2F%3E\" data-src=\"https:\/\/2023.janacek-brno.cz\/wp-content\/uploads\/2020\/11\/www.frantisekortmann.-fmt2-768x512.jpeg\" data-srcset=\"https:\/\/2023.janacek-brno.cz\/wp-content\/uploads\/2020\/11\/www.frantisekortmann.-fmt2-768x512.jpeg 768w, https:\/\/2023.janacek-brno.cz\/wp-content\/uploads\/2020\/11\/www.frantisekortmann.-fmt2-1111x740.jpeg 1111w\" loading=\"eager\" style=\"--ratio: 768 \/ 512\" sizes=\"(max-width: 768px) 100vw, 768px\" alt=\"\" title=\"www.frantisekortmann.-fmt2\" width=\"768\" height=\"512\"  \/><\/a>\t<\/div>\n<\/div>\n\n\n<div class=\"post-entry-content\">\n\n\t<h3 class=\"entry-title\">\n\t\t<a href=\"https:\/\/2023.janacek-brno.cz\/en\/7-11-2022-leos-janacek-zapisnik-zmizeleho-instrumentovana-verze-milose-stedrone\/\" title=\"7.&nbsp;11.&nbsp;2022 The Diary of One Who Disappeared &#8211; Iva Bittov\u00e1, Jaroslav B\u0159ezina and Brno Contemporary Orchestra\" rel=\"bookmark\"><strong>7.&nbsp;11.&nbsp;2022<\/strong><br> The Diary of One Who Disappeared &#8211; Iva Bittov\u00e1, Jaroslav B\u0159ezina and Brno Contemporary Orchestra<\/a>\n\t<\/h3>\n\n\t\n\t\n\t\n<a href=\"https:\/\/2023.janacek-brno.cz\/en\/7-11-2022-leos-janacek-zapisnik-zmizeleho-instrumentovana-verze-milose-stedrone\/\" class=\"post-details details-type-link\" aria-label=\"Read more about &lt;strong&gt;7.&nbsp;11.&nbsp;2022&lt;\/strong&gt;&lt;br&gt; The Diary of One Who Disappeared &#8211; Iva Bittov\u00e1, Jaroslav B\u0159ezina and Brno Contemporary Orchestra\">Read more<i class=\"dt-icon-the7-arrow-03\" aria-hidden=\"true\"><\/i><\/a>\n\n<\/div><\/article><article class=\"post post-4247 type-post status-publish format-standard has-post-thumbnail hentry category-komorni-en category-probehle-en category-uncategorized category-66 category-92 category-9 description-off\" data-name=\"&lt;strong&gt;6.&nbsp;11.&nbsp;2022&lt;\/strong&gt;&lt;br&gt; Pavel Haas Quartet\" data-date=\"2020-11-06T04:30:56+01:00\">\n\n<div class=\"post-thumbnail-wrap\">\n\t<div class=\"post-thumbnail\">\n\t\t\n\t\t\n\t\t<a href=\"https:\/\/2023.janacek-brno.cz\/en\/6-11-2022-pavel-haas-quartet\/\" class=\"post-thumbnail-rollover layzr-bg\" ><img class=\"preload-me owl-lazy-load aspect\" src=\"data:image\/svg+xml,%3Csvg%20xmlns%3D&#39;http%3A%2F%2Fwww.w3.org%2F2000%2Fsvg&#39;%20viewBox%3D&#39;0%200%20768%20512&#39;%2F%3E\" data-src=\"https:\/\/2023.janacek-brno.cz\/wp-content\/uploads\/2021\/10\/7-768x512.jpeg\" data-srcset=\"https:\/\/2023.janacek-brno.cz\/wp-content\/uploads\/2021\/10\/7-768x512.jpeg 768w, https:\/\/2023.janacek-brno.cz\/wp-content\/uploads\/2021\/10\/7-1152x768.jpeg 1152w\" loading=\"eager\" style=\"--ratio: 768 \/ 512\" sizes=\"(max-width: 768px) 100vw, 768px\" alt=\"\" title=\"7\" width=\"768\" height=\"512\"  \/><\/a>\t<\/div>\n<\/div>\n\n\n<div class=\"post-entry-content\">\n\n\t<h3 class=\"entry-title\">\n\t\t<a href=\"https:\/\/2023.janacek-brno.cz\/en\/6-11-2022-pavel-haas-quartet\/\" title=\"6.&nbsp;11.&nbsp;2022 Pavel Haas Quartet\" rel=\"bookmark\"><strong>6.&nbsp;11.&nbsp;2022<\/strong><br> Pavel Haas Quartet<\/a>\n\t<\/h3>\n\n\t\n\t\n\t\n<a href=\"https:\/\/2023.janacek-brno.cz\/en\/6-11-2022-pavel-haas-quartet\/\" class=\"post-details details-type-link\" aria-label=\"Read more about &lt;strong&gt;6.&nbsp;11.&nbsp;2022&lt;\/strong&gt;&lt;br&gt; Pavel Haas Quartet\">Read more<i class=\"dt-icon-the7-arrow-03\" aria-hidden=\"true\"><\/i><\/a>\n\n<\/div><\/article><article class=\"post post-4195 type-post status-publish format-standard has-post-thumbnail hentry category-komorni-en category-probehle-en category-66 category-92 description-off\" data-name=\"&lt;strong&gt;5.&nbsp;11.&nbsp;2022&lt;\/strong&gt;&lt;br&gt; Matin\u00e9e by the Jan\u00e1\u010dek Academy of Music and Performing Arts\" data-date=\"2020-11-05T09:46:04+01:00\">\n\n<div class=\"post-thumbnail-wrap\">\n\t<div class=\"post-thumbnail\">\n\t\t\n\t\t\n\t\t<a href=\"https:\/\/2023.janacek-brno.cz\/en\/5-11-2022-matine-jamu\/\" class=\"post-thumbnail-rollover layzr-bg\" ><img class=\"preload-me owl-lazy-load aspect\" src=\"data:image\/svg+xml,%3Csvg%20xmlns%3D&#39;http%3A%2F%2Fwww.w3.org%2F2000%2Fsvg&#39;%20viewBox%3D&#39;0%200%20768%20512&#39;%2F%3E\" data-src=\"https:\/\/2023.janacek-brno.cz\/wp-content\/uploads\/2020\/11\/2017-08-27-768x512.jpeg\" data-srcset=\"https:\/\/2023.janacek-brno.cz\/wp-content\/uploads\/2020\/11\/2017-08-27-768x512.jpeg 768w, https:\/\/2023.janacek-brno.cz\/wp-content\/uploads\/2020\/11\/2017-08-27.jpeg 1024w\" loading=\"eager\" style=\"--ratio: 768 \/ 512\" sizes=\"(max-width: 768px) 100vw, 768px\" alt=\"\" title=\"2017-08-27\" width=\"768\" height=\"512\"  \/><\/a>\t<\/div>\n<\/div>\n\n\n<div class=\"post-entry-content\">\n\n\t<h3 class=\"entry-title\">\n\t\t<a href=\"https:\/\/2023.janacek-brno.cz\/en\/5-11-2022-matine-jamu\/\" title=\"5.&nbsp;11.&nbsp;2022 Matin\u00e9e by the Jan\u00e1\u010dek Academy of Music and Performing Arts\" rel=\"bookmark\"><strong>5.&nbsp;11.&nbsp;2022<\/strong><br> Matin\u00e9e by the Jan\u00e1\u010dek Academy of Music and Performing Arts<\/a>\n\t<\/h3>\n\n\t\n\t\n\t\n<a href=\"https:\/\/2023.janacek-brno.cz\/en\/5-11-2022-matine-jamu\/\" class=\"post-details details-type-link\" aria-label=\"Read more about &lt;strong&gt;5.&nbsp;11.&nbsp;2022&lt;\/strong&gt;&lt;br&gt; Matin\u00e9e by the Jan\u00e1\u010dek Academy of Music and Performing Arts\">Read more<i class=\"dt-icon-the7-arrow-03\" aria-hidden=\"true\"><\/i><\/a>\n\n<\/div><\/article><article class=\"post post-4193 type-post status-publish format-standard has-post-thumbnail hentry category-concerts category-komorni-en category-probehle-en category-58 category-66 category-92 description-off\" data-name=\"&lt;strong&gt;5.&nbsp;11.&nbsp;2022&lt;\/strong&gt;&lt;br&gt; Zemlinsky Quartet\" data-date=\"2020-11-05T04:15:45+01:00\">\n\n<div class=\"post-thumbnail-wrap\">\n\t<div class=\"post-thumbnail\">\n\t\t\n\t\t\n\t\t<a href=\"https:\/\/2023.janacek-brno.cz\/en\/5-11-2022-zemlinsky-quartet\/\" class=\"post-thumbnail-rollover layzr-bg\" ><img class=\"preload-me owl-lazy-load aspect\" src=\"data:image\/svg+xml,%3Csvg%20xmlns%3D&#39;http%3A%2F%2Fwww.w3.org%2F2000%2Fsvg&#39;%20viewBox%3D&#39;0%200%20768%20512&#39;%2F%3E\" data-src=\"https:\/\/2023.janacek-brno.cz\/wp-content\/uploads\/2021\/10\/1-1-768x512.jpg\" data-srcset=\"https:\/\/2023.janacek-brno.cz\/wp-content\/uploads\/2021\/10\/1-1-768x512.jpg 768w, https:\/\/2023.janacek-brno.cz\/wp-content\/uploads\/2021\/10\/1-1-1152x768.jpg 1152w\" loading=\"eager\" style=\"--ratio: 768 \/ 512\" sizes=\"(max-width: 768px) 100vw, 768px\" alt=\"\" title=\"1\" width=\"768\" height=\"512\"  \/><\/a>\t<\/div>\n<\/div>\n\n\n<div class=\"post-entry-content\">\n\n\t<h3 class=\"entry-title\">\n\t\t<a href=\"https:\/\/2023.janacek-brno.cz\/en\/5-11-2022-zemlinsky-quartet\/\" title=\"5.&nbsp;11.&nbsp;2022 Zemlinsky Quartet\" rel=\"bookmark\"><strong>5.&nbsp;11.&nbsp;2022<\/strong><br> Zemlinsky Quartet<\/a>\n\t<\/h3>\n\n\t\n\t\n\t\n<a href=\"https:\/\/2023.janacek-brno.cz\/en\/5-11-2022-zemlinsky-quartet\/\" class=\"post-details details-type-link\" aria-label=\"Read more about &lt;strong&gt;5.&nbsp;11.&nbsp;2022&lt;\/strong&gt;&lt;br&gt; Zemlinsky Quartet\">Read more<i class=\"dt-icon-the7-arrow-03\" aria-hidden=\"true\"><\/i><\/a>\n\n<\/div><\/article><\/div>[\/vc_column][\/vc_row]<\/p>\n","protected":false},"excerpt":{"rendered":"<p>[vc_row gap=&#8221;35&#8243; type=&#8221;vc_default&#8221;][vc_column width=&#8221;1\/2&#8243;][vc_single_image image=&#8221;3818&#8243; img_size=&#8221;full&#8221; css_animation=&#8221;none&#8221;][\/vc_column][vc_column width=&#8221;1\/2&#8243;][vc_column_text] 8.&nbsp;11.&nbsp;2022, 7 p.m. [\/vc_column_text][vc_column_text]Reduta Theatre (Theatre Hall) Theatre project by the Brno Conservatory Leo\u0161 Jan\u00e1\u010dek, Petr Ilji\u010d Tchaikovsky, Modest Petrovi\u010d Mussorgsky &#8211; Crying Fountain Premiere: 6.&nbsp;11.&nbsp;2022, 11 a.m. The performance lasts 70 minutes without intermission.[\/vc_column_text][\/vc_column][\/vc_row][vc_row type=&#8221;vc_default&#8221;][vc_column][vc_column_text][\/vc_column_text][vc_empty_space height=&#8221;30px&#8221;][vc_column_text]Olga Jan\u00e1\u010dkov\u00e1, the daughter of Leo\u0161 Jan\u00e1\u010dek. Dot. Do we want&hellip;<\/p>\n","protected":false},"author":1,"featured_media":3837,"comment_status":"closed","ping_status":"closed","sticky":false,"template":"","format":"standard","meta":{"_expiration-date-status":"","_expiration-date":0,"_expiration-date-type":"","_expiration-date-categories":[],"_expiration-date-options":[]},"categories":[92,67],"tags":[],"yoast_head":"<!-- This site is optimized with the Yoast SEO plugin v20.9 - https:\/\/yoast.com\/wordpress\/plugins\/seo\/ -->\n<title>8. 11. 2022 Crying Fountain - Jan\u00e1\u010dek Brno 2023<\/title>\n<meta name=\"robots\" content=\"noindex, follow, max-snippet:-1, max-image-preview:large, max-video-preview:-1\" \/>\n<meta property=\"og:locale\" content=\"en_US\" \/>\n<meta property=\"og:type\" content=\"article\" \/>\n<meta property=\"og:title\" content=\"8. 11. 2022 Crying Fountain - Jan\u00e1\u010dek Brno 2023\" \/>\n<meta property=\"og:description\" content=\"[vc_row gap=&#8221;35&#8243; type=&#8221;vc_default&#8221;][vc_column width=&#8221;1\/2&#8243;][vc_single_image image=&#8221;3818&#8243; img_size=&#8221;full&#8221; css_animation=&#8221;none&#8221;][\/vc_column][vc_column width=&#8221;1\/2&#8243;][vc_column_text] 8.&nbsp;11.&nbsp;2022, 7 p.m. [\/vc_column_text][vc_column_text]Reduta Theatre (Theatre Hall) Theatre project by the Brno Conservatory Leo\u0161 Jan\u00e1\u010dek, Petr Ilji\u010d Tchaikovsky, Modest Petrovi\u010d Mussorgsky &#8211; Crying Fountain Premiere: 6.&nbsp;11.&nbsp;2022, 11 a.m. The performance lasts 70 minutes without intermission.[\/vc_column_text][\/vc_column][\/vc_row][vc_row type=&#8221;vc_default&#8221;][vc_column][vc_column_text][\/vc_column_text][vc_empty_space height=&#8221;30px&#8221;][vc_column_text]Olga Jan\u00e1\u010dkov\u00e1, the daughter of Leo\u0161 Jan\u00e1\u010dek. Dot. Do we want&hellip;\" \/>\n<meta property=\"og:url\" content=\"https:\/\/2023.janacek-brno.cz\/en\/8-11-2022scenicky-projekt-konzervatore-brno\/\" \/>\n<meta property=\"og:site_name\" content=\"Jan\u00e1\u010dek Brno 2023\" \/>\n<meta property=\"article:published_time\" content=\"2020-11-08T16:16:58+00:00\" \/>\n<meta property=\"article:modified_time\" content=\"2022-11-09T11:50:11+00:00\" \/>\n<meta property=\"og:image\" content=\"https:\/\/2023.janacek-brno.cz\/wp-content\/uploads\/2021\/11\/divadlo-reduta-5-1.jpeg\" \/>\n\t<meta property=\"og:image:width\" content=\"400\" \/>\n\t<meta property=\"og:image:height\" content=\"320\" \/>\n\t<meta property=\"og:image:type\" content=\"image\/jpeg\" \/>\n<meta name=\"author\" content=\"Michal\" \/>\n<meta name=\"twitter:card\" content=\"summary_large_image\" \/>\n<meta name=\"twitter:label1\" content=\"Written by\" \/>\n\t<meta name=\"twitter:data1\" content=\"Michal\" \/>\n\t<meta name=\"twitter:label2\" content=\"Est. reading time\" \/>\n\t<meta name=\"twitter:data2\" content=\"2 minutes\" \/>\n<script type=\"application\/ld+json\" class=\"yoast-schema-graph\">{\"@context\":\"https:\/\/schema.org\",\"@graph\":[{\"@type\":\"WebPage\",\"@id\":\"https:\/\/2023.janacek-brno.cz\/en\/8-11-2022scenicky-projekt-konzervatore-brno\/\",\"url\":\"https:\/\/2023.janacek-brno.cz\/en\/8-11-2022scenicky-projekt-konzervatore-brno\/\",\"name\":\"8. 11. 2022 Crying Fountain - Jan\u00e1\u010dek Brno 2023\",\"isPartOf\":{\"@id\":\"https:\/\/2023.janacek-brno.cz\/en\/#website\"},\"datePublished\":\"2020-11-08T16:16:58+00:00\",\"dateModified\":\"2022-11-09T11:50:11+00:00\",\"author\":{\"@id\":\"https:\/\/2023.janacek-brno.cz\/en\/#\/schema\/person\/c93d720a57f0083e04d7a1fbb274610d\"},\"breadcrumb\":{\"@id\":\"https:\/\/2023.janacek-brno.cz\/en\/8-11-2022scenicky-projekt-konzervatore-brno\/#breadcrumb\"},\"inLanguage\":\"en-US\",\"potentialAction\":[{\"@type\":\"ReadAction\",\"target\":[\"https:\/\/2023.janacek-brno.cz\/en\/8-11-2022scenicky-projekt-konzervatore-brno\/\"]}]},{\"@type\":\"BreadcrumbList\",\"@id\":\"https:\/\/2023.janacek-brno.cz\/en\/8-11-2022scenicky-projekt-konzervatore-brno\/#breadcrumb\",\"itemListElement\":[{\"@type\":\"ListItem\",\"position\":1,\"name\":\"Home\",\"item\":\"https:\/\/2023.janacek-brno.cz\/en\/\"},{\"@type\":\"ListItem\",\"position\":2,\"name\":\"8.&nbsp;11.&nbsp;2022 Crying Fountain\"}]},{\"@type\":\"WebSite\",\"@id\":\"https:\/\/2023.janacek-brno.cz\/en\/#website\",\"url\":\"https:\/\/2023.janacek-brno.cz\/en\/\",\"name\":\"Jan\u00e1\u010dek Brno 2023\",\"description\":\"Mezin\u00e1rodn\u00ed opern\u00ed a hudebn\u00ed festival\",\"potentialAction\":[{\"@type\":\"SearchAction\",\"target\":{\"@type\":\"EntryPoint\",\"urlTemplate\":\"https:\/\/2023.janacek-brno.cz\/en\/?s={search_term_string}\"},\"query-input\":\"required name=search_term_string\"}],\"inLanguage\":\"en-US\"},{\"@type\":\"Person\",\"@id\":\"https:\/\/2023.janacek-brno.cz\/en\/#\/schema\/person\/c93d720a57f0083e04d7a1fbb274610d\",\"name\":\"Michal\",\"image\":{\"@type\":\"ImageObject\",\"inLanguage\":\"en-US\",\"@id\":\"https:\/\/2023.janacek-brno.cz\/en\/#\/schema\/person\/image\/\",\"url\":\"https:\/\/secure.gravatar.com\/avatar\/6abe21357243a88a916c177792aacd77?s=96&d=mm&r=g\",\"contentUrl\":\"https:\/\/secure.gravatar.com\/avatar\/6abe21357243a88a916c177792aacd77?s=96&d=mm&r=g\",\"caption\":\"Michal\"},\"sameAs\":[\"https:\/\/2023.janacek-brno.cz\"],\"url\":\"https:\/\/2023.janacek-brno.cz\/en\/author\/mjedon\/\"}]}<\/script>\n<!-- \/ Yoast SEO plugin. -->","yoast_head_json":{"title":"8. 11. 2022 Crying Fountain - Jan\u00e1\u010dek Brno 2023","robots":{"index":"noindex","follow":"follow","max-snippet":"max-snippet:-1","max-image-preview":"max-image-preview:large","max-video-preview":"max-video-preview:-1"},"og_locale":"en_US","og_type":"article","og_title":"8. 11. 2022 Crying Fountain - Jan\u00e1\u010dek Brno 2023","og_description":"[vc_row gap=&#8221;35&#8243; type=&#8221;vc_default&#8221;][vc_column width=&#8221;1\/2&#8243;][vc_single_image image=&#8221;3818&#8243; img_size=&#8221;full&#8221; css_animation=&#8221;none&#8221;][\/vc_column][vc_column width=&#8221;1\/2&#8243;][vc_column_text] 8.&nbsp;11.&nbsp;2022, 7 p.m. [\/vc_column_text][vc_column_text]Reduta Theatre (Theatre Hall) Theatre project by the Brno Conservatory Leo\u0161 Jan\u00e1\u010dek, Petr Ilji\u010d Tchaikovsky, Modest Petrovi\u010d Mussorgsky &#8211; Crying Fountain Premiere: 6.&nbsp;11.&nbsp;2022, 11 a.m. The performance lasts 70 minutes without intermission.[\/vc_column_text][\/vc_column][\/vc_row][vc_row type=&#8221;vc_default&#8221;][vc_column][vc_column_text][\/vc_column_text][vc_empty_space height=&#8221;30px&#8221;][vc_column_text]Olga Jan\u00e1\u010dkov\u00e1, the daughter of Leo\u0161 Jan\u00e1\u010dek. Dot. Do we want&hellip;","og_url":"https:\/\/2023.janacek-brno.cz\/en\/8-11-2022scenicky-projekt-konzervatore-brno\/","og_site_name":"Jan\u00e1\u010dek Brno 2023","article_published_time":"2020-11-08T16:16:58+00:00","article_modified_time":"2022-11-09T11:50:11+00:00","og_image":[{"width":400,"height":320,"url":"https:\/\/2023.janacek-brno.cz\/wp-content\/uploads\/2021\/11\/divadlo-reduta-5-1.jpeg","type":"image\/jpeg"}],"author":"Michal","twitter_card":"summary_large_image","twitter_misc":{"Written by":"Michal","Est. reading time":"2 minutes"},"schema":{"@context":"https:\/\/schema.org","@graph":[{"@type":"WebPage","@id":"https:\/\/2023.janacek-brno.cz\/en\/8-11-2022scenicky-projekt-konzervatore-brno\/","url":"https:\/\/2023.janacek-brno.cz\/en\/8-11-2022scenicky-projekt-konzervatore-brno\/","name":"8. 11. 2022 Crying Fountain - Jan\u00e1\u010dek Brno 2023","isPartOf":{"@id":"https:\/\/2023.janacek-brno.cz\/en\/#website"},"datePublished":"2020-11-08T16:16:58+00:00","dateModified":"2022-11-09T11:50:11+00:00","author":{"@id":"https:\/\/2023.janacek-brno.cz\/en\/#\/schema\/person\/c93d720a57f0083e04d7a1fbb274610d"},"breadcrumb":{"@id":"https:\/\/2023.janacek-brno.cz\/en\/8-11-2022scenicky-projekt-konzervatore-brno\/#breadcrumb"},"inLanguage":"en-US","potentialAction":[{"@type":"ReadAction","target":["https:\/\/2023.janacek-brno.cz\/en\/8-11-2022scenicky-projekt-konzervatore-brno\/"]}]},{"@type":"BreadcrumbList","@id":"https:\/\/2023.janacek-brno.cz\/en\/8-11-2022scenicky-projekt-konzervatore-brno\/#breadcrumb","itemListElement":[{"@type":"ListItem","position":1,"name":"Home","item":"https:\/\/2023.janacek-brno.cz\/en\/"},{"@type":"ListItem","position":2,"name":"8.&nbsp;11.&nbsp;2022 Crying Fountain"}]},{"@type":"WebSite","@id":"https:\/\/2023.janacek-brno.cz\/en\/#website","url":"https:\/\/2023.janacek-brno.cz\/en\/","name":"Jan\u00e1\u010dek Brno 2023","description":"Mezin\u00e1rodn\u00ed opern\u00ed a hudebn\u00ed festival","potentialAction":[{"@type":"SearchAction","target":{"@type":"EntryPoint","urlTemplate":"https:\/\/2023.janacek-brno.cz\/en\/?s={search_term_string}"},"query-input":"required name=search_term_string"}],"inLanguage":"en-US"},{"@type":"Person","@id":"https:\/\/2023.janacek-brno.cz\/en\/#\/schema\/person\/c93d720a57f0083e04d7a1fbb274610d","name":"Michal","image":{"@type":"ImageObject","inLanguage":"en-US","@id":"https:\/\/2023.janacek-brno.cz\/en\/#\/schema\/person\/image\/","url":"https:\/\/secure.gravatar.com\/avatar\/6abe21357243a88a916c177792aacd77?s=96&d=mm&r=g","contentUrl":"https:\/\/secure.gravatar.com\/avatar\/6abe21357243a88a916c177792aacd77?s=96&d=mm&r=g","caption":"Michal"},"sameAs":["https:\/\/2023.janacek-brno.cz"],"url":"https:\/\/2023.janacek-brno.cz\/en\/author\/mjedon\/"}]}},"_links":{"self":[{"href":"https:\/\/2023.janacek-brno.cz\/en\/wp-json\/wp\/v2\/posts\/4205"}],"collection":[{"href":"https:\/\/2023.janacek-brno.cz\/en\/wp-json\/wp\/v2\/posts"}],"about":[{"href":"https:\/\/2023.janacek-brno.cz\/en\/wp-json\/wp\/v2\/types\/post"}],"author":[{"embeddable":true,"href":"https:\/\/2023.janacek-brno.cz\/en\/wp-json\/wp\/v2\/users\/1"}],"replies":[{"embeddable":true,"href":"https:\/\/2023.janacek-brno.cz\/en\/wp-json\/wp\/v2\/comments?post=4205"}],"version-history":[{"count":8,"href":"https:\/\/2023.janacek-brno.cz\/en\/wp-json\/wp\/v2\/posts\/4205\/revisions"}],"predecessor-version":[{"id":7625,"href":"https:\/\/2023.janacek-brno.cz\/en\/wp-json\/wp\/v2\/posts\/4205\/revisions\/7625"}],"wp:featuredmedia":[{"embeddable":true,"href":"https:\/\/2023.janacek-brno.cz\/en\/wp-json\/wp\/v2\/media\/3837"}],"wp:attachment":[{"href":"https:\/\/2023.janacek-brno.cz\/en\/wp-json\/wp\/v2\/media?parent=4205"}],"wp:term":[{"taxonomy":"category","embeddable":true,"href":"https:\/\/2023.janacek-brno.cz\/en\/wp-json\/wp\/v2\/categories?post=4205"},{"taxonomy":"post_tag","embeddable":true,"href":"https:\/\/2023.janacek-brno.cz\/en\/wp-json\/wp\/v2\/tags?post=4205"}],"curies":[{"name":"wp","href":"https:\/\/api.w.org\/{rel}","templated":true}]}}