{"id":5015,"date":"2020-11-10T09:43:56","date_gmt":"2020-11-10T08:43:56","guid":{"rendered":"https:\/\/2023.janacek-brno.cz\/?p=5015"},"modified":"2022-11-09T14:09:34","modified_gmt":"2022-11-09T13:09:34","slug":"10-11-2022-kammeroper-der-janacek-akademie","status":"publish","type":"post","link":"https:\/\/2023.janacek-brno.cz\/de\/10-11-2022-kammeroper-der-janacek-akademie\/","title":{"rendered":"<strong>10.&nbsp;11.&nbsp;2022<\/strong><br>Kammeroper der Jan\u00e1\u010dek-Akademie"},"content":{"rendered":"<p>[vc_row gap=&#8220;35&#8243; type=&#8220;vc_default&#8220;][vc_column width=&#8220;1\/2&#8243;][vc_single_image image=&#8220;7001&#8243; img_size=&#8220;full&#8220; onclick=&#8220;zoom&#8220; css_animation=&#8220;zoomIn&#8220;][\/vc_column][vc_column width=&#8220;1\/2&#8243;][vc_column_text]<\/p>\n<h2>10.&nbsp;11.&nbsp;2022, 19 Uhr<\/h2>\n<div id=\"gtx-trans\" style=\"position: absolute; left: -25px; top: 63.4219px;\">\n<div class=\"gtx-trans-icon\"><\/div>\n<\/div>\n<p>[\/vc_column_text][vc_column_text]<strong>Theater in der Orl\u00ed<\/strong><\/p>\n<p><span style=\"font-weight: 400;\">Noemi Savkov\u00e1: J.A.K. von Labyrinth (Premiere)<\/span><\/p>\n<p><span style=\"font-weight: 400;\">Mark\u00e9ta Broth\u00e1nkov\u00e1: Kalvarienberg (Premiere)<\/span><\/p>\n<p><span style=\"font-weight: 400;\">Weitere Auff\u00fchrung: <a href=\"https:\/\/2023.janacek-brno.cz\/de\/14-11-2022-kammeroper-der-janacek-akademie\/\" target=\"_blank\" rel=\"noopener\">14.11., 19 Uhr<\/a><\/span><\/p>\n<p>Die Auff\u00fchrung dauert 110 Minuten einschlie\u00dflich einer 20-min\u00fctigen Pause.<\/p>\n<p>&nbsp;<\/p>\n<div id=\"gtx-trans\" style=\"position: absolute; left: 132px; top: 80px;\">\n<div class=\"gtx-trans-icon\"><\/div>\n<\/div>\n<p>[\/vc_column_text]<style type=\"text\/css\" data-type=\"the7_shortcodes-inline-css\">#default-btn-521d80e0f7f332427a2ebd3af3be263f.ico-right-side > i {\n  margin-right: 0px;\n  margin-left: 8px;\n}\n#default-btn-521d80e0f7f332427a2ebd3af3be263f > i {\n  margin-right: 8px;\n}\n<\/style><a href=\"https:\/\/online.colosseum.eu\/incoming.aspx?mrsid=103&amp;language=de-DE&amp;redirectaddtickets=http:\/\/ndbrno.cz\/program&amp;&amp;eventid=1132056\" class=\"default-btn-shortcode dt-btn dt-btn-l link-hover-off btn-inline-left \" target=\"_blank\" id=\"default-btn-521d80e0f7f332427a2ebd3af3be263f\" rel=\"noopener\"><span>Tickets kaufen<\/span><\/a>[\/vc_column][\/vc_row][vc_row type=&#8220;vc_default&#8220;][vc_column][vc_column_text][\/vc_column_text][vc_empty_space height=&#8220;30px&#8220;][vc_column_text]<span style=\"font-weight: 400;\">Die Kammeroper der Jan\u00e1\u010dek-Akademie musischer K\u00fcnste in Br\u00fcnn bereitet im Rahmen der traditionellen Kooperation mit dem Festival Jan\u00e1\u010dek Brno die Urauff\u00fchrungen neuer Operntitel f\u00fcr Studierende der Musikfakult\u00e4t JAMU vor.<\/span><\/p>\n<p><strong>Der stroboskopischer Effekt wird w\u00e4hrend der Vorstellung benutzt.<\/strong>[\/vc_column_text][vc_empty_space height=&#8220;50px&#8220;][\/vc_column][\/vc_row]<\/p>\n","protected":false},"excerpt":{"rendered":"<p>Lorem ipsum dolor sit amet, consectetur adipiscing elit. Sed pretium sollicitudin nisl, ut hendrerit velit semper et. Nunc eget faucibus turpis. Phasellus pharetra diam ut nisi sagittis eleifend.<\/p>\n","protected":false},"author":3,"featured_media":7001,"comment_status":"closed","ping_status":"closed","sticky":false,"template":"","format":"standard","meta":{"_expiration-date-status":"","_expiration-date":0,"_expiration-date-type":"","_expiration-date-categories":[],"_expiration-date-options":[]},"categories":[96,72],"tags":[],"yoast_head":"<!-- This site is optimized with the Yoast SEO plugin v20.9 - https:\/\/yoast.com\/wordpress\/plugins\/seo\/ -->\n<title>10. 11. 2022Kammeroper der Jan\u00e1\u010dek-Akademie - Jan\u00e1\u010dek Brno 2023<\/title>\n<meta name=\"robots\" content=\"noindex, follow, max-snippet:-1, max-image-preview:large, max-video-preview:-1\" \/>\n<meta property=\"og:locale\" content=\"de_DE\" \/>\n<meta property=\"og:type\" content=\"article\" \/>\n<meta property=\"og:title\" content=\"10. 11. 2022Kammeroper der Jan\u00e1\u010dek-Akademie - Jan\u00e1\u010dek Brno 2023\" \/>\n<meta property=\"og:description\" content=\"Lorem ipsum dolor sit amet, consectetur adipiscing elit. Sed pretium sollicitudin nisl, ut hendrerit velit semper et. Nunc eget faucibus turpis. Phasellus pharetra diam ut nisi sagittis eleifend.\" \/>\n<meta property=\"og:url\" content=\"https:\/\/2023.janacek-brno.cz\/de\/10-11-2022-kammeroper-der-janacek-akademie\/\" \/>\n<meta property=\"og:site_name\" content=\"Jan\u00e1\u010dek Brno 2023\" \/>\n<meta property=\"article:published_time\" content=\"2020-11-10T08:43:56+00:00\" \/>\n<meta property=\"article:modified_time\" content=\"2022-11-09T13:09:34+00:00\" \/>\n<meta property=\"og:image\" content=\"https:\/\/2023.janacek-brno.cz\/wp-content\/uploads\/2020\/11\/KO-Labyrint-Kalvarie-rozmer-na-plakat1.jpg\" \/>\n\t<meta property=\"og:image:width\" content=\"1812\" \/>\n\t<meta property=\"og:image:height\" content=\"1920\" \/>\n\t<meta property=\"og:image:type\" content=\"image\/jpeg\" \/>\n<meta name=\"author\" content=\"Honza\" \/>\n<meta name=\"twitter:card\" content=\"summary_large_image\" \/>\n<meta name=\"twitter:label1\" content=\"Verfasst von\" \/>\n\t<meta name=\"twitter:data1\" content=\"Honza\" \/>\n\t<meta name=\"twitter:label2\" content=\"Gesch\u00e4tzte Lesezeit\" \/>\n\t<meta name=\"twitter:data2\" content=\"1 Minute\" \/>\n<script type=\"application\/ld+json\" class=\"yoast-schema-graph\">{\"@context\":\"https:\/\/schema.org\",\"@graph\":[{\"@type\":\"WebPage\",\"@id\":\"https:\/\/2023.janacek-brno.cz\/de\/10-11-2022-kammeroper-der-janacek-akademie\/\",\"url\":\"https:\/\/2023.janacek-brno.cz\/de\/10-11-2022-kammeroper-der-janacek-akademie\/\",\"name\":\"10. 11. 2022 Kammeroper der Jan\u00e1\u010dek-Akademie - Jan\u00e1\u010dek Brno 2023\",\"isPartOf\":{\"@id\":\"https:\/\/2023.janacek-brno.cz\/de\/#website\"},\"datePublished\":\"2020-11-10T08:43:56+00:00\",\"dateModified\":\"2022-11-09T13:09:34+00:00\",\"author\":{\"@id\":\"https:\/\/2023.janacek-brno.cz\/de\/#\/schema\/person\/1eaa91f5c108977225dd8056925734eb\"},\"breadcrumb\":{\"@id\":\"https:\/\/2023.janacek-brno.cz\/de\/10-11-2022-kammeroper-der-janacek-akademie\/#breadcrumb\"},\"inLanguage\":\"de-DE\",\"potentialAction\":[{\"@type\":\"ReadAction\",\"target\":[\"https:\/\/2023.janacek-brno.cz\/de\/10-11-2022-kammeroper-der-janacek-akademie\/\"]}]},{\"@type\":\"BreadcrumbList\",\"@id\":\"https:\/\/2023.janacek-brno.cz\/de\/10-11-2022-kammeroper-der-janacek-akademie\/#breadcrumb\",\"itemListElement\":[{\"@type\":\"ListItem\",\"position\":1,\"name\":\"Home\",\"item\":\"https:\/\/2023.janacek-brno.cz\/de\/\"},{\"@type\":\"ListItem\",\"position\":2,\"name\":\"10.&nbsp;11.&nbsp;2022Kammeroper der Jan\u00e1\u010dek-Akademie\"}]},{\"@type\":\"WebSite\",\"@id\":\"https:\/\/2023.janacek-brno.cz\/de\/#website\",\"url\":\"https:\/\/2023.janacek-brno.cz\/de\/\",\"name\":\"Jan\u00e1\u010dek Brno 2023\",\"description\":\"Mezin\u00e1rodn\u00ed opern\u00ed a hudebn\u00ed festival\",\"potentialAction\":[{\"@type\":\"SearchAction\",\"target\":{\"@type\":\"EntryPoint\",\"urlTemplate\":\"https:\/\/2023.janacek-brno.cz\/de\/?s={search_term_string}\"},\"query-input\":\"required name=search_term_string\"}],\"inLanguage\":\"de-DE\"},{\"@type\":\"Person\",\"@id\":\"https:\/\/2023.janacek-brno.cz\/de\/#\/schema\/person\/1eaa91f5c108977225dd8056925734eb\",\"name\":\"Honza\",\"image\":{\"@type\":\"ImageObject\",\"inLanguage\":\"de-DE\",\"@id\":\"https:\/\/2023.janacek-brno.cz\/de\/#\/schema\/person\/image\/\",\"url\":\"https:\/\/secure.gravatar.com\/avatar\/7434c250622a94d5199c24d86b68782a?s=96&d=mm&r=g\",\"contentUrl\":\"https:\/\/secure.gravatar.com\/avatar\/7434c250622a94d5199c24d86b68782a?s=96&d=mm&r=g\",\"caption\":\"Honza\"},\"url\":\"https:\/\/2023.janacek-brno.cz\/de\/author\/janpochyly\/\"}]}<\/script>\n<!-- \/ Yoast SEO plugin. -->","yoast_head_json":{"title":"10. 11. 2022Kammeroper der Jan\u00e1\u010dek-Akademie - Jan\u00e1\u010dek Brno 2023","robots":{"index":"noindex","follow":"follow","max-snippet":"max-snippet:-1","max-image-preview":"max-image-preview:large","max-video-preview":"max-video-preview:-1"},"og_locale":"de_DE","og_type":"article","og_title":"10. 11. 2022Kammeroper der Jan\u00e1\u010dek-Akademie - Jan\u00e1\u010dek Brno 2023","og_description":"Lorem ipsum dolor sit amet, consectetur adipiscing elit. Sed pretium sollicitudin nisl, ut hendrerit velit semper et. Nunc eget faucibus turpis. Phasellus pharetra diam ut nisi sagittis eleifend.","og_url":"https:\/\/2023.janacek-brno.cz\/de\/10-11-2022-kammeroper-der-janacek-akademie\/","og_site_name":"Jan\u00e1\u010dek Brno 2023","article_published_time":"2020-11-10T08:43:56+00:00","article_modified_time":"2022-11-09T13:09:34+00:00","og_image":[{"width":1812,"height":1920,"url":"https:\/\/2023.janacek-brno.cz\/wp-content\/uploads\/2020\/11\/KO-Labyrint-Kalvarie-rozmer-na-plakat1.jpg","type":"image\/jpeg"}],"author":"Honza","twitter_card":"summary_large_image","twitter_misc":{"Verfasst von":"Honza","Gesch\u00e4tzte Lesezeit":"1 Minute"},"schema":{"@context":"https:\/\/schema.org","@graph":[{"@type":"WebPage","@id":"https:\/\/2023.janacek-brno.cz\/de\/10-11-2022-kammeroper-der-janacek-akademie\/","url":"https:\/\/2023.janacek-brno.cz\/de\/10-11-2022-kammeroper-der-janacek-akademie\/","name":"10. 11. 2022 Kammeroper der Jan\u00e1\u010dek-Akademie - Jan\u00e1\u010dek Brno 2023","isPartOf":{"@id":"https:\/\/2023.janacek-brno.cz\/de\/#website"},"datePublished":"2020-11-10T08:43:56+00:00","dateModified":"2022-11-09T13:09:34+00:00","author":{"@id":"https:\/\/2023.janacek-brno.cz\/de\/#\/schema\/person\/1eaa91f5c108977225dd8056925734eb"},"breadcrumb":{"@id":"https:\/\/2023.janacek-brno.cz\/de\/10-11-2022-kammeroper-der-janacek-akademie\/#breadcrumb"},"inLanguage":"de-DE","potentialAction":[{"@type":"ReadAction","target":["https:\/\/2023.janacek-brno.cz\/de\/10-11-2022-kammeroper-der-janacek-akademie\/"]}]},{"@type":"BreadcrumbList","@id":"https:\/\/2023.janacek-brno.cz\/de\/10-11-2022-kammeroper-der-janacek-akademie\/#breadcrumb","itemListElement":[{"@type":"ListItem","position":1,"name":"Home","item":"https:\/\/2023.janacek-brno.cz\/de\/"},{"@type":"ListItem","position":2,"name":"10.&nbsp;11.&nbsp;2022Kammeroper der Jan\u00e1\u010dek-Akademie"}]},{"@type":"WebSite","@id":"https:\/\/2023.janacek-brno.cz\/de\/#website","url":"https:\/\/2023.janacek-brno.cz\/de\/","name":"Jan\u00e1\u010dek Brno 2023","description":"Mezin\u00e1rodn\u00ed opern\u00ed a hudebn\u00ed festival","potentialAction":[{"@type":"SearchAction","target":{"@type":"EntryPoint","urlTemplate":"https:\/\/2023.janacek-brno.cz\/de\/?s={search_term_string}"},"query-input":"required name=search_term_string"}],"inLanguage":"de-DE"},{"@type":"Person","@id":"https:\/\/2023.janacek-brno.cz\/de\/#\/schema\/person\/1eaa91f5c108977225dd8056925734eb","name":"Honza","image":{"@type":"ImageObject","inLanguage":"de-DE","@id":"https:\/\/2023.janacek-brno.cz\/de\/#\/schema\/person\/image\/","url":"https:\/\/secure.gravatar.com\/avatar\/7434c250622a94d5199c24d86b68782a?s=96&d=mm&r=g","contentUrl":"https:\/\/secure.gravatar.com\/avatar\/7434c250622a94d5199c24d86b68782a?s=96&d=mm&r=g","caption":"Honza"},"url":"https:\/\/2023.janacek-brno.cz\/de\/author\/janpochyly\/"}]}},"_links":{"self":[{"href":"https:\/\/2023.janacek-brno.cz\/de\/wp-json\/wp\/v2\/posts\/5015"}],"collection":[{"href":"https:\/\/2023.janacek-brno.cz\/de\/wp-json\/wp\/v2\/posts"}],"about":[{"href":"https:\/\/2023.janacek-brno.cz\/de\/wp-json\/wp\/v2\/types\/post"}],"author":[{"embeddable":true,"href":"https:\/\/2023.janacek-brno.cz\/de\/wp-json\/wp\/v2\/users\/3"}],"replies":[{"embeddable":true,"href":"https:\/\/2023.janacek-brno.cz\/de\/wp-json\/wp\/v2\/comments?post=5015"}],"version-history":[{"count":13,"href":"https:\/\/2023.janacek-brno.cz\/de\/wp-json\/wp\/v2\/posts\/5015\/revisions"}],"predecessor-version":[{"id":7633,"href":"https:\/\/2023.janacek-brno.cz\/de\/wp-json\/wp\/v2\/posts\/5015\/revisions\/7633"}],"wp:featuredmedia":[{"embeddable":true,"href":"https:\/\/2023.janacek-brno.cz\/de\/wp-json\/wp\/v2\/media\/7001"}],"wp:attachment":[{"href":"https:\/\/2023.janacek-brno.cz\/de\/wp-json\/wp\/v2\/media?parent=5015"}],"wp:term":[{"taxonomy":"category","embeddable":true,"href":"https:\/\/2023.janacek-brno.cz\/de\/wp-json\/wp\/v2\/categories?post=5015"},{"taxonomy":"post_tag","embeddable":true,"href":"https:\/\/2023.janacek-brno.cz\/de\/wp-json\/wp\/v2\/tags?post=5015"}],"curies":[{"name":"wp","href":"https:\/\/api.w.org\/{rel}","templated":true}]}}